{"id":19131,"date":"2021-01-26T08:32:23","date_gmt":"2021-01-26T07:32:23","guid":{"rendered":"https:\/\/www.icpf.cas.cz\/?p=19131"},"modified":"2025-08-08T10:57:27","modified_gmt":"2025-08-08T08:57:27","slug":"media-response-to-the-pnas-article-on-the-usefulness-of-masks-in-the-fight-against-covid-19","status":"publish","type":"post","link":"https:\/\/www.icpf.cas.cz\/en\/media-response-to-the-pnas-article-on-the-usefulness-of-masks-in-the-fight-against-covid-19\/","title":{"rendered":"Media response to the PNAS article on the usefulness of masks in the fight against COVID-19"},"content":{"rendered":"<p><strong><span class=\"HwtZe\" lang=\"en\"><span class=\"jCAhz ChMk0b\"><span class=\"ryNqvb\">Links to selected responses to the published article<\/span><\/span><\/span><\/strong><\/p>\n<p><a href=\"https:\/\/www.icpf.cas.cz\/en\/wearing-masks-in-public-reduces-the-reproduction-number-below-1\/\">https:\/\/www.icpf.cas.cz\/noseni-rousek-na-verejnosti-snizuje-reprodukcni-cislo-pod-hodnotu-1\/<\/a>.<\/p>\n<p><a href=\"https:\/\/www.icpf.cas.cz\/en\/employee\/ing-zdimal-vladimir-dr\/\">Ing. Vladim\u00edr \u017dd\u00edmal, Dr.<\/a><\/p>\n<p><strong>Novinky.cz<\/strong><\/p>\n<p><a href=\"https:\/\/www.novinky.cz\/koronavirus\/clanek\/noseni-rousek-na-verejnosti-snizuje-reprodukcni-cislo-pod-1-zjistila-studie-40347516\">https:\/\/www.novinky.cz\/koronavirus\/clanek\/noseni-rousek-na-verejnosti-snizuje-reprodukcni-cislo-pod-1-zjistila-studie-40347516<\/a>\u00a0<\/p>\n<p>&nbsp;<\/p>\n<p><strong><span class=\"HwtZe\" lang=\"en\"><span class=\"jCAhz ChMk0b\"><span class=\"ryNqvb\">Czech Television<\/span><\/span><\/span><\/strong><\/p>\n<p><a href=\"https:\/\/ct24.ceskatelevize.cz\/veda\/3253432-noseni-rousek-muze-srazit-reprodukcni-cislo-pod-jedna-rika-nejvetsi-studie-na-toto-tema\">https:\/\/ct24.ceskatelevize.cz\/veda\/3253432-noseni-rousek-muze-srazit-reprodukcni-cislo-pod-jedna-rika-nejvetsi-studie-na-toto-tema<\/a>.<\/p>\n<p>&nbsp;<\/p>\n<p><strong><span class=\"HwtZe\" lang=\"en\"><span class=\"jCAhz ChMk0b\"><span class=\"ryNqvb\">Commentary events &#8211; government&#8217;s intention to introduce mandatory wearing of respirators<\/span><\/span><\/span><\/strong><\/p>\n<p><a href=\"https:\/\/nmvideostore.blob.core.windows.net\/alerts\/35537793_637469516892000000.mp4\">https:\/\/nmvideostore.blob.core.windows.net\/alerts\/35537793_637469516892000000.mp4<\/a><\/p>\n<p><a href=\"https:\/\/www.ceskatelevize.cz\/ivysilani\/1096898594-udalosti-komentare\/221411000370122\">https:\/\/www.ceskatelevize.cz\/ivysilani\/1096898594-udalosti-komentare\/221411000370122<\/a>)<\/p>\n<p>&nbsp;<\/p>\n<p><strong><span class=\"HwtZe\" lang=\"en\"><span class=\"jCAhz ChMk0b\"><span class=\"ryNqvb\">Radio Journal &#8211; Experiment Magazine<\/span><\/span><\/span><\/strong><\/p>\n<p><a href=\"https:\/\/www.mujrozhlas.cz\/magazin-experiment\/magazin-experiment-z-23-ledna-2021\">https:\/\/www.mujrozhlas.cz\/magazin-experiment\/magazin-experiment-z-23-ledna-2021<\/a>.<\/p>\n<p>&nbsp;<\/p>\n<p><strong><a href=\"https:\/\/www.icpf.cas.cz\/en\/employee\/ing-ondracek-jakub-ph-d\/\">Jakub Ondr\u00e1\u010dek<\/a> in Studio 6<\/strong><\/p>\n<p><a href=\"https:\/\/www.ceskatelevize.cz\/ivysilani\/1096902795-studio-6\/221411010100125\/obsah\/815339-vlada-projedna-povinne-noseni-respiratoru\">https:\/\/www.ceskatelevize.cz\/ivysilani\/1096902795-studio-6\/221411010100125\/obsah\/815339-vlada-projedna-povinne-noseni-respiratoru<\/a>.<\/p>\n","protected":false},"excerpt":{"rendered":"<p>Links to selected responses to the published article https:\/\/www.icpf.cas.cz\/noseni-rousek-na-verejnosti-snizuje-reprodukcni-cislo-pod-hodnotu-1\/. Ing. Vladim\u00edr \u017dd\u00edmal, Dr. Novinky.cz https:\/\/www.novinky.cz\/koronavirus\/clanek\/noseni-rousek-na-verejnosti-snizuje-reprodukcni-cislo-pod-1-zjistila-studie-40347516\u00a0 &nbsp; Czech Television https:\/\/ct24.ceskatelevize.cz\/veda\/3253432-noseni-rousek-muze-srazit-reprodukcni-cislo-pod-jedna-rika-nejvetsi-studie-na-toto-tema. &nbsp; Commentary events &#8211; government&#8217;s intention to introduce mandatory wearing of respirators https:\/\/nmvideostore.blob.core.windows.net\/alerts\/35537793_637469516892000000.mp4 https:\/\/www.ceskatelevize.cz\/ivysilani\/1096898594-udalosti-komentare\/221411000370122) &nbsp; Radio Journal &#8211; Experiment Magazine https:\/\/www.mujrozhlas.cz\/magazin-experiment\/magazin-experiment-z-23-ledna-2021. &nbsp; Jakub Ondr\u00e1\u010dek in Studio 6 https:\/\/www.ceskatelevize.cz\/ivysilani\/1096902795-studio-6\/221411010100125\/obsah\/815339-vlada-projedna-povinne-noseni-respiratoru.<\/p>\n","protected":false},"author":19,"featured_media":7318,"comment_status":"closed","ping_status":"open","sticky":false,"template":"","format":"standard","meta":{"_acf_changed":false,"footnotes":""},"categories":[212,84],"tags":[],"class_list":["post-19131","post","type-post","status-publish","format-standard","has-post-thumbnail","hentry","category-covid-19-en","category-news"],"acf":[],"_links":{"self":[{"href":"https:\/\/www.icpf.cas.cz\/en\/wp-json\/wp\/v2\/posts\/19131","targetHints":{"allow":["GET"]}}],"collection":[{"href":"https:\/\/www.icpf.cas.cz\/en\/wp-json\/wp\/v2\/posts"}],"about":[{"href":"https:\/\/www.icpf.cas.cz\/en\/wp-json\/wp\/v2\/types\/post"}],"author":[{"embeddable":true,"href":"https:\/\/www.icpf.cas.cz\/en\/wp-json\/wp\/v2\/users\/19"}],"replies":[{"embeddable":true,"href":"https:\/\/www.icpf.cas.cz\/en\/wp-json\/wp\/v2\/comments?post=19131"}],"version-history":[{"count":1,"href":"https:\/\/www.icpf.cas.cz\/en\/wp-json\/wp\/v2\/posts\/19131\/revisions"}],"predecessor-version":[{"id":19132,"href":"https:\/\/www.icpf.cas.cz\/en\/wp-json\/wp\/v2\/posts\/19131\/revisions\/19132"}],"wp:featuredmedia":[{"embeddable":true,"href":"https:\/\/www.icpf.cas.cz\/en\/wp-json\/wp\/v2\/media\/7318"}],"wp:attachment":[{"href":"https:\/\/www.icpf.cas.cz\/en\/wp-json\/wp\/v2\/media?parent=19131"}],"wp:term":[{"taxonomy":"category","embeddable":true,"href":"https:\/\/www.icpf.cas.cz\/en\/wp-json\/wp\/v2\/categories?post=19131"},{"taxonomy":"post_tag","embeddable":true,"href":"https:\/\/www.icpf.cas.cz\/en\/wp-json\/wp\/v2\/tags?post=19131"}],"curies":[{"name":"wp","href":"https:\/\/api.w.org\/{rel}","templated":true}]}}